{"id":7963,"date":"2025-10-16T08:03:36","date_gmt":"2025-10-16T06:03:36","guid":{"rendered":"https:\/\/www.donsp.sk\/donsp\/?p=7963"},"modified":"2025-10-16T08:22:58","modified_gmt":"2025-10-16T06:22:58","slug":"ockovanie-proti-covid-19","status":"publish","type":"post","link":"https:\/\/www.donsp.sk\/donsp\/ockovanie-proti-covid-19\/","title":{"rendered":"O\u010dkovanie proti COVID-19"},"content":{"rendered":"\n<p>Na Slovensko boli dovezen\u00e9 vakc\u00edny <strong>Comirnaty LP.8.1<\/strong>, ktor\u00e9 s\u00fa upraven\u00e9 na <strong>aktu\u00e1lne najroz\u0161\u00edrenej\u0161\u00ed variant ochorenia COVID-19<\/strong>. O\u010dkovanie sa za\u010dalo <strong>22. septembra 2025<\/strong> v 16 nemocniciach a zdravotn\u00edckych zariadeniach po celom Slovensku.<\/p>\n\n\n\n<p>Ministerstvo zdravotn\u00edctva uv\u00e1dza, \u017ee nov\u00e1 verzia vakc\u00edny bola schv\u00e1len\u00e1 na pou\u017e\u00edvanie v Eur\u00f3pskej \u00fanii a odpor\u00fa\u010da sa jej vyu\u017eitie v sez\u00f3ne 2025\/2026. \u00daprava m\u00e1 zabezpe\u010di\u0165 <strong>udr\u017eanie vysokej \u00farovne ochrany<\/strong> pred ochoren\u00edm.<\/p>\n\n\n\n<h3 class=\"wp-block-heading\">Registr\u00e1cia na o\u010dkovanie<\/h3>\n\n\n\n<ul class=\"wp-block-list\">\n<li>Z\u00e1ujemcom, ktor\u00ed s\u00fa registrovan\u00ed v \u201e\u010dak\u00e1rni\u201c NCZI, bud\u00fa pridelen\u00e9 term\u00edny pod\u013ea dostupn\u00fdch kapac\u00edt.<\/li>\n\n\n\n<li>Nov\u00ed z\u00e1ujemcovia sa m\u00f4\u017eu registrova\u0165 prostredn\u00edctvom formul\u00e1ra:<br><a href=\"https:\/\/covidforms.nczisk.sk\/vacc-registration.php\">Registr\u00e1cia na o\u010dkovanie (NCZI)<\/a><\/li>\n<\/ul>\n\n\n\n<figure class=\"wp-block-image size-full\"><a href=\"https:\/\/www.donsp.sk\/donsp\/wp-content\/uploads\/donsp-ockovanie-zoznam.jpg\"><img loading=\"lazy\" decoding=\"async\" width=\"478\" height=\"354\" src=\"https:\/\/www.donsp.sk\/donsp\/wp-content\/uploads\/donsp-ockovanie-zoznam.jpg\" alt=\"donsp ockovanie zoznam\" class=\"wp-image-7965\" srcset=\"https:\/\/www.donsp.sk\/donsp\/wp-content\/uploads\/donsp-ockovanie-zoznam.jpg 478w, https:\/\/www.donsp.sk\/donsp\/wp-content\/uploads\/donsp-ockovanie-zoznam-300x222.jpg 300w\" sizes=\"auto, (max-width: 478px) 100vw, 478px\" \/><\/a><\/figure>\n\n\n\n<h3 class=\"wp-block-heading\">Inform\u00e1cia pre pacientov Dolnooravskej nemocnice<\/h3>\n\n\n\n<p>V <strong>Dolnooravskej nemocnici s poliklinikou<\/strong> sa vakc\u00ednou <strong>Comirnaty LP.8.1<\/strong> neo\u010dkuje.<br>Najbli\u017e\u0161ie o\u010dkovanie je dostupn\u00e9 v:<\/p>\n\n\n\n<ul class=\"wp-block-list\">\n<li><strong>Univerzitnej nemocnici Martin<\/strong><\/li>\n\n\n\n<li><strong>Fakultnej nemocnici s poliklinikou \u017dilina<\/strong><\/li>\n<\/ul>\n\n\n\n<h3 class=\"wp-block-heading\">Zoznam zariaden\u00ed, kde sa o\u010dkuje vakc\u00ednou Comirnaty LP.8.1:<\/h3>\n\n\n\n<ul class=\"wp-block-list\">\n<li>Univerzitn\u00e1 nemocnica Bratislava (Kram\u00e1re, Antolsk\u00e1)<\/li>\n\n\n\n<li>Fakultn\u00e1 nemocnica Trnava<\/li>\n\n\n\n<li>Fakultn\u00e1 nemocnica Tren\u010d\u00edn<\/li>\n\n\n\n<li>Nemocnica s poliklinikou Prievidza so s\u00eddlom v Bojniciach<\/li>\n\n\n\n<li>Fakultn\u00e1 nemocnica s poliklinikou \u017dilina<\/li>\n\n\n\n<li>Fakultn\u00e1 nemocnica s poliklinikou F. D. Roosevelta Bansk\u00e1 Bystrica<\/li>\n\n\n\n<li>Fakultn\u00e1 nemocnica s poliklinikou J. A. Reimana Pre\u0161ov<\/li>\n\n\n\n<li>Univerzitn\u00e1 nemocnica L. Pasteura Ko\u0161ice<\/li>\n\n\n\n<li>Fakultn\u00e1 nemocnica s poliklinikou Nov\u00e9 Z\u00e1mky<\/li>\n\n\n\n<li>Detsk\u00e1 fakultn\u00e1 nemocnica s poliklinikou Bansk\u00e1 Bystrica<\/li>\n\n\n\n<li>Fakultn\u00e1 nemocnica Nitra<\/li>\n\n\n\n<li>Nemocnica s poliklinikou Brezno<\/li>\n\n\n\n<li>Univerzitn\u00e1 nemocnica Martin<\/li>\n\n\n\n<li>Nemocnica Hospitale \u0160ahy<\/li>\n\n\n\n<li>Nemocnica Koch Bratislava<\/li>\n\n\n\n<li>Medic\u00ednske zariadenie Mlynsk\u00e1 dolina Bratislava<\/li>\n<\/ul>\n","protected":false},"excerpt":{"rendered":"<p>Na Slovensko boli dovezen\u00e9 vakc\u00edny Comirnaty LP.8.1, ktor\u00e9 s\u00fa upraven\u00e9 na aktu\u00e1lne najroz\u0161\u00edrenej\u0161\u00ed variant ochorenia COVID-19. O\u010dkovanie sa za\u010dalo 22. septembra 2025 v 16 nemocniciach a zdravotn\u00edckych zariadeniach po celom Slovensku.<br \/>\nV Dolnooravskej nemocnici s poliklinikou sa vakc\u00ednou Comirnaty LP.8.1 neo\u010dkuje. Zoznam zariaden\u00ed, kde to je mo\u017en\u00e9, prin\u00e1\u0161ame v \u010dl\u00e1nku.<\/p>\n","protected":false},"author":4,"featured_media":7964,"comment_status":"closed","ping_status":"closed","sticky":false,"template":"","format":"standard","meta":{"_seopress_robots_primary_cat":"","_seopress_titles_title":"","_seopress_titles_desc":"","_seopress_robots_index":"","pgc_sgb_lightbox_settings":"","footnotes":""},"categories":[1],"tags":[],"class_list":["post-7963","post","type-post","status-publish","format-standard","has-post-thumbnail","hentry","category-novinky"],"_links":{"self":[{"href":"https:\/\/www.donsp.sk\/donsp\/wp-json\/wp\/v2\/posts\/7963","targetHints":{"allow":["GET"]}}],"collection":[{"href":"https:\/\/www.donsp.sk\/donsp\/wp-json\/wp\/v2\/posts"}],"about":[{"href":"https:\/\/www.donsp.sk\/donsp\/wp-json\/wp\/v2\/types\/post"}],"author":[{"embeddable":true,"href":"https:\/\/www.donsp.sk\/donsp\/wp-json\/wp\/v2\/users\/4"}],"replies":[{"embeddable":true,"href":"https:\/\/www.donsp.sk\/donsp\/wp-json\/wp\/v2\/comments?post=7963"}],"version-history":[{"count":2,"href":"https:\/\/www.donsp.sk\/donsp\/wp-json\/wp\/v2\/posts\/7963\/revisions"}],"predecessor-version":[{"id":7967,"href":"https:\/\/www.donsp.sk\/donsp\/wp-json\/wp\/v2\/posts\/7963\/revisions\/7967"}],"wp:featuredmedia":[{"embeddable":true,"href":"https:\/\/www.donsp.sk\/donsp\/wp-json\/wp\/v2\/media\/7964"}],"wp:attachment":[{"href":"https:\/\/www.donsp.sk\/donsp\/wp-json\/wp\/v2\/media?parent=7963"}],"wp:term":[{"taxonomy":"category","embeddable":true,"href":"https:\/\/www.donsp.sk\/donsp\/wp-json\/wp\/v2\/categories?post=7963"},{"taxonomy":"post_tag","embeddable":true,"href":"https:\/\/www.donsp.sk\/donsp\/wp-json\/wp\/v2\/tags?post=7963"}],"curies":[{"name":"wp","href":"https:\/\/api.w.org\/{rel}","templated":true}]}}